{"id":2560,"date":"2018-12-29T17:19:25","date_gmt":"2018-12-29T15:19:25","guid":{"rendered":"https:\/\/ziva-voda.com\/blog\/?p=2560"},"modified":"2018-12-29T17:19:25","modified_gmt":"2018-12-29T15:19:25","slug":"dr-perlmutter-avtizem-decka-jasona","status":"publish","type":"post","link":"https:\/\/ziva-voda.com\/blog\/dr-perlmutter-avtizem-decka-jasona\/","title":{"rendered":"Dr. Perlmutter: avtizem de\u010dka Jasona"},"content":{"rendered":"<div id=\"attachment_2660\" style=\"width: 416px\" class=\"wp-caption alignleft\"><img decoding=\"async\" aria-describedby=\"caption-attachment-2660\" class=\"wp-image-2660 lazyload\" data-src=\"https:\/\/ziva-voda.com\/blog\/wp-content\/uploads\/zavezovanje-vezalk.jpeg\" alt=\"Zavezovanje vezalk\" width=\"406\" height=\"271\" data-srcset=\"https:\/\/ziva-voda.com\/blog\/wp-content\/uploads\/zavezovanje-vezalk.jpeg 899w, https:\/\/ziva-voda.com\/blog\/wp-content\/uploads\/zavezovanje-vezalk-300x200.jpeg 300w, https:\/\/ziva-voda.com\/blog\/wp-content\/uploads\/zavezovanje-vezalk-768x513.jpeg 768w\" data-sizes=\"(max-width: 406px) 100vw, 406px\" src=\"data:image\/svg+xml;base64,PHN2ZyB3aWR0aD0iMSIgaGVpZ2h0PSIxIiB4bWxucz0iaHR0cDovL3d3dy53My5vcmcvMjAwMC9zdmciPjwvc3ZnPg==\" style=\"--smush-placeholder-width: 406px; --smush-placeholder-aspect-ratio: 406\/271;\" \/><p id=\"caption-attachment-2660\" class=\"wp-caption-text\">Slika je simboli\u010dna<\/p><\/div>\n<p>12-letnega Jasona so mu\u010dila kroni\u010dna vnetja u\u0161esa, grla in prebavnega trakta, je opisal nevrolog dr. David Perlmutter v svoji knjigi <a href=\"https:\/\/www.emka.si\/zdravi-mozgani\/PR\/2374572,13149\" target=\"_blank\" rel=\"noopener\">Zdravi mo\u017egani<\/a> (UMco, 2017). Zaradi avtizma ga je mati pripeljala k njemu.<\/p>\n<p>De\u010dek je z rokama ponavljal iste gibe, ni si mogel zavezati vezalk, ni govoril v celih stavkih, izogibal se je komunikaciji. Dr. Perlmutter priporo\u010da v takih primerih brezglutensko prehrano z nizko ravnjo ogljikovih hidratov.<\/p>\n<p>Po laboratorijski analizi fekalij je ugotovil, da de\u010dku skoraj povsem primanjkuje dobrih bakterij. Tako je priporo\u010dil, naj dodajajo njegovi prehrani izbrani probiotik in vitamin D.<\/p>\n<p>Jasonova mati se je oglasila \u010dez tri tedne in povedala, da si zdaj Jason sam zavezuje vezalke, se ve\u010d pogovarja z njo \u2026 Odlo\u010dili so se \u0161e za fekalno transplantacijo, pri kateri pacientu v o\u010di\u0161\u010deno \u010drevo vnesejo fekalno maso zdrave osebe. Darovalka je bila prijateljeva zdrava h\u010di.<\/p>\n<p>\u010cez mesec dni je Jasonova mati poslala zdravniku video posnetek. \u00bb<em>Ta kratki posnetek mi je orosil o\u010di<\/em>\u00ab, pi\u0161e dr. Perlmutter. \u00bb<em>Na njem je bil \u017eivahen, zadovoljen Jason, ki je skakal na trampolinu in govoril s svojo mamo veliko bolj zavzeto kot prej. Ob posnetku ni bilo nobenega besedila in tudi ni bilo potrebno<\/em>\u00ab.<\/p>\n<p>Tudi vnetja prebavnega trakta, grla in u\u0161es so se unesla.<\/p>\n<pre>Vir: <a href=\"https:\/\/ziva-voda.com\/novice\/Prijateljem_najboljse_DECEMBER-2018.pdf\" target=\"_blank\" rel=\"noopener noreferrer\">PRIJATELJEM NAJBOLJ\u0160E! \r\nNovice za uporabnike FHES, OKA (angl. MAP) in probiotikov EM, \r\nDecember 2018, Dr. Iztok Ostan<\/a><\/pre>\n","protected":false},"excerpt":{"rendered":"<p>12-letnega Jasona so mu\u010dila kroni\u010dna vnetja u\u0161esa, grla in prebavnega trakta, je opisal nevrolog dr. David Perlmutter v svoji knjigi Zdravi mo\u017egani (UMco, 2017). Zaradi avtizma ga je mati pripeljala k njemu. De\u010dek je z rokama ponavljal iste gibe, ni si mogel zavezati vezalk, ni govoril v celih stavkih, izogibal se je komunikaciji. Dr. Perlmutter [&hellip;]<\/p>\n","protected":false},"author":88889,"featured_media":2660,"comment_status":"open","ping_status":"open","sticky":false,"template":"","format":"standard","meta":{"_acf_changed":false,"_et_pb_use_builder":"","_et_pb_old_content":"","_et_gb_content_width":"","footnotes":""},"categories":[109],"tags":[449,318,139],"class_list":["post-2560","post","type-post","status-publish","format-standard","has-post-thumbnail","hentry","category-probiotiki","tag-avtizem","tag-dr-david-perlmutter","tag-vitamin-d","et-has-post-format-content","et_post_format-et-post-format-standard"],"acf":[],"yoast_head":"<!-- This site is optimized with the Yoast SEO plugin v27.5 - https:\/\/yoast.com\/product\/yoast-seo-wordpress\/ -->\n<title>Dr. Perlmutter: Avtizem 12-letnega de\u010dka Jasona - Opis primera<\/title>\n<meta name=\"description\" content=\"12-letnega Jasona so mu\u010dila kroni\u010dna vnetja u\u0161esa, grla in prebavnega trakta. Zaradi avtizma ga je mati pripeljala k dr. David Perlmuttru. Ni si mogel ...\" \/>\n<meta name=\"robots\" content=\"index, follow, max-snippet:-1, max-image-preview:large, max-video-preview:-1\" \/>\n<link rel=\"canonical\" href=\"http:\/\/ziva-voda.com\/blog\/dr-perlmutter-avtizem-decka-jasona\/\" \/>\n<meta property=\"og:locale\" content=\"sl_SI\" \/>\n<meta property=\"og:type\" content=\"article\" \/>\n<meta property=\"og:title\" content=\"Dr. Perlmutter: Avtizem 12-letnega de\u010dka Jasona - Opis primera\" \/>\n<meta property=\"og:description\" content=\"12-letnega Jasona so mu\u010dila kroni\u010dna vnetja u\u0161esa, grla in prebavnega trakta. Zaradi avtizma ga je mati pripeljala k dr. David Perlmuttru. Ni si mogel ...\" \/>\n<meta property=\"og:url\" content=\"http:\/\/ziva-voda.com\/blog\/dr-perlmutter-avtizem-decka-jasona\/\" \/>\n<meta property=\"og:site_name\" content=\"\u017diva Voda Blog\" \/>\n<meta property=\"article:publisher\" content=\"https:\/\/sl-si.facebook.com\/zivavoda.megahydrate\" \/>\n<meta property=\"article:published_time\" content=\"2018-12-29T15:19:25+00:00\" \/>\n<meta property=\"og:image\" content=\"http:\/\/ziva-voda.com\/blog\/wp-content\/uploads\/zavezovanje-vezalk.jpeg\" \/>\n\t<meta property=\"og:image:width\" content=\"899\" \/>\n\t<meta property=\"og:image:height\" content=\"600\" \/>\n\t<meta property=\"og:image:type\" content=\"image\/jpeg\" \/>\n<meta name=\"author\" content=\"Marjan Breznikar\" \/>\n<meta name=\"twitter:card\" content=\"summary_large_image\" \/>\n<meta name=\"twitter:creator\" content=\"@zivavoda\" \/>\n<meta name=\"twitter:site\" content=\"@zivavoda\" \/>\n<meta name=\"twitter:label1\" content=\"Written by\" \/>\n\t<meta name=\"twitter:data1\" content=\"Marjan Breznikar\" \/>\n\t<meta name=\"twitter:label2\" content=\"Est. reading time\" \/>\n\t<meta name=\"twitter:data2\" content=\"1 minuta\" \/>\n<script type=\"application\/ld+json\" class=\"yoast-schema-graph\">{\"@context\":\"https:\\\/\\\/schema.org\",\"@graph\":[{\"@type\":\"Article\",\"@id\":\"http:\\\/\\\/ziva-voda.com\\\/blog\\\/dr-perlmutter-avtizem-decka-jasona\\\/#article\",\"isPartOf\":{\"@id\":\"http:\\\/\\\/ziva-voda.com\\\/blog\\\/dr-perlmutter-avtizem-decka-jasona\\\/\"},\"author\":{\"name\":\"Marjan Breznikar\",\"@id\":\"https:\\\/\\\/ziva-voda.com\\\/blog\\\/#\\\/schema\\\/person\\\/effca1675fcd12993f190bf9e3b3d297\"},\"headline\":\"Dr. Perlmutter: avtizem de\u010dka Jasona\",\"datePublished\":\"2018-12-29T15:19:25+00:00\",\"mainEntityOfPage\":{\"@id\":\"http:\\\/\\\/ziva-voda.com\\\/blog\\\/dr-perlmutter-avtizem-decka-jasona\\\/\"},\"wordCount\":231,\"commentCount\":0,\"image\":{\"@id\":\"http:\\\/\\\/ziva-voda.com\\\/blog\\\/dr-perlmutter-avtizem-decka-jasona\\\/#primaryimage\"},\"thumbnailUrl\":\"https:\\\/\\\/ziva-voda.com\\\/blog\\\/wp-content\\\/uploads\\\/zavezovanje-vezalk.jpeg\",\"keywords\":[\"avtizem\",\"Dr. David Perlmutter\",\"vitamin D\"],\"articleSection\":[\"Probiotiki\"],\"inLanguage\":\"sl-SI\",\"potentialAction\":[{\"@type\":\"CommentAction\",\"name\":\"Comment\",\"target\":[\"http:\\\/\\\/ziva-voda.com\\\/blog\\\/dr-perlmutter-avtizem-decka-jasona\\\/#respond\"]}]},{\"@type\":\"WebPage\",\"@id\":\"http:\\\/\\\/ziva-voda.com\\\/blog\\\/dr-perlmutter-avtizem-decka-jasona\\\/\",\"url\":\"http:\\\/\\\/ziva-voda.com\\\/blog\\\/dr-perlmutter-avtizem-decka-jasona\\\/\",\"name\":\"Dr. Perlmutter: Avtizem 12-letnega de\u010dka Jasona - Opis primera\",\"isPartOf\":{\"@id\":\"https:\\\/\\\/ziva-voda.com\\\/blog\\\/#website\"},\"primaryImageOfPage\":{\"@id\":\"http:\\\/\\\/ziva-voda.com\\\/blog\\\/dr-perlmutter-avtizem-decka-jasona\\\/#primaryimage\"},\"image\":{\"@id\":\"http:\\\/\\\/ziva-voda.com\\\/blog\\\/dr-perlmutter-avtizem-decka-jasona\\\/#primaryimage\"},\"thumbnailUrl\":\"https:\\\/\\\/ziva-voda.com\\\/blog\\\/wp-content\\\/uploads\\\/zavezovanje-vezalk.jpeg\",\"datePublished\":\"2018-12-29T15:19:25+00:00\",\"author\":{\"@id\":\"https:\\\/\\\/ziva-voda.com\\\/blog\\\/#\\\/schema\\\/person\\\/effca1675fcd12993f190bf9e3b3d297\"},\"description\":\"12-letnega Jasona so mu\u010dila kroni\u010dna vnetja u\u0161esa, grla in prebavnega trakta. Zaradi avtizma ga je mati pripeljala k dr. David Perlmuttru. Ni si mogel ...\",\"breadcrumb\":{\"@id\":\"http:\\\/\\\/ziva-voda.com\\\/blog\\\/dr-perlmutter-avtizem-decka-jasona\\\/#breadcrumb\"},\"inLanguage\":\"sl-SI\",\"potentialAction\":[{\"@type\":\"ReadAction\",\"target\":[\"http:\\\/\\\/ziva-voda.com\\\/blog\\\/dr-perlmutter-avtizem-decka-jasona\\\/\"]}]},{\"@type\":\"ImageObject\",\"inLanguage\":\"sl-SI\",\"@id\":\"http:\\\/\\\/ziva-voda.com\\\/blog\\\/dr-perlmutter-avtizem-decka-jasona\\\/#primaryimage\",\"url\":\"https:\\\/\\\/ziva-voda.com\\\/blog\\\/wp-content\\\/uploads\\\/zavezovanje-vezalk.jpeg\",\"contentUrl\":\"https:\\\/\\\/ziva-voda.com\\\/blog\\\/wp-content\\\/uploads\\\/zavezovanje-vezalk.jpeg\",\"width\":899,\"height\":600,\"caption\":\"Slika je simboli\u010dna\"},{\"@type\":\"BreadcrumbList\",\"@id\":\"http:\\\/\\\/ziva-voda.com\\\/blog\\\/dr-perlmutter-avtizem-decka-jasona\\\/#breadcrumb\",\"itemListElement\":[{\"@type\":\"ListItem\",\"position\":1,\"name\":\"Domov\",\"item\":\"https:\\\/\\\/ziva-voda.com\\\/blog\\\/\"},{\"@type\":\"ListItem\",\"position\":2,\"name\":\"Dr. Perlmutter: avtizem de\u010dka Jasona\"}]},{\"@type\":\"WebSite\",\"@id\":\"https:\\\/\\\/ziva-voda.com\\\/blog\\\/#website\",\"url\":\"https:\\\/\\\/ziva-voda.com\\\/blog\\\/\",\"name\":\"\u017diva Voda Blog\",\"description\":\"Male Skrivnosti za Ve\u010d Energije in Bolj\u0161e Po\u010dutje\",\"potentialAction\":[{\"@type\":\"SearchAction\",\"target\":{\"@type\":\"EntryPoint\",\"urlTemplate\":\"https:\\\/\\\/ziva-voda.com\\\/blog\\\/?s={search_term_string}\"},\"query-input\":{\"@type\":\"PropertyValueSpecification\",\"valueRequired\":true,\"valueName\":\"search_term_string\"}}],\"inLanguage\":\"sl-SI\"},{\"@type\":\"Person\",\"@id\":\"https:\\\/\\\/ziva-voda.com\\\/blog\\\/#\\\/schema\\\/person\\\/effca1675fcd12993f190bf9e3b3d297\",\"name\":\"Marjan Breznikar\",\"image\":{\"@type\":\"ImageObject\",\"inLanguage\":\"sl-SI\",\"@id\":\"https:\\\/\\\/secure.gravatar.com\\\/avatar\\\/7531968a72627273881c7f7e193acdf474e8d9f5d839c665cd9ec43f0f76c89f?s=96&d=mm&r=g\",\"url\":\"https:\\\/\\\/secure.gravatar.com\\\/avatar\\\/7531968a72627273881c7f7e193acdf474e8d9f5d839c665cd9ec43f0f76c89f?s=96&d=mm&r=g\",\"contentUrl\":\"https:\\\/\\\/secure.gravatar.com\\\/avatar\\\/7531968a72627273881c7f7e193acdf474e8d9f5d839c665cd9ec43f0f76c89f?s=96&d=mm&r=g\",\"caption\":\"Marjan Breznikar\"}}]}<\/script>\n<!-- \/ Yoast SEO plugin. -->","yoast_head_json":{"title":"Dr. Perlmutter: Avtizem 12-letnega de\u010dka Jasona - Opis primera","description":"12-letnega Jasona so mu\u010dila kroni\u010dna vnetja u\u0161esa, grla in prebavnega trakta. Zaradi avtizma ga je mati pripeljala k dr. David Perlmuttru. Ni si mogel ...","robots":{"index":"index","follow":"follow","max-snippet":"max-snippet:-1","max-image-preview":"max-image-preview:large","max-video-preview":"max-video-preview:-1"},"canonical":"http:\/\/ziva-voda.com\/blog\/dr-perlmutter-avtizem-decka-jasona\/","og_locale":"sl_SI","og_type":"article","og_title":"Dr. Perlmutter: Avtizem 12-letnega de\u010dka Jasona - Opis primera","og_description":"12-letnega Jasona so mu\u010dila kroni\u010dna vnetja u\u0161esa, grla in prebavnega trakta. Zaradi avtizma ga je mati pripeljala k dr. David Perlmuttru. Ni si mogel ...","og_url":"http:\/\/ziva-voda.com\/blog\/dr-perlmutter-avtizem-decka-jasona\/","og_site_name":"\u017diva Voda Blog","article_publisher":"https:\/\/sl-si.facebook.com\/zivavoda.megahydrate","article_published_time":"2018-12-29T15:19:25+00:00","og_image":[{"width":899,"height":600,"url":"http:\/\/ziva-voda.com\/blog\/wp-content\/uploads\/zavezovanje-vezalk.jpeg","type":"image\/jpeg"}],"author":"Marjan Breznikar","twitter_card":"summary_large_image","twitter_creator":"@zivavoda","twitter_site":"@zivavoda","twitter_misc":{"Written by":"Marjan Breznikar","Est. reading time":"1 minuta"},"schema":{"@context":"https:\/\/schema.org","@graph":[{"@type":"Article","@id":"http:\/\/ziva-voda.com\/blog\/dr-perlmutter-avtizem-decka-jasona\/#article","isPartOf":{"@id":"http:\/\/ziva-voda.com\/blog\/dr-perlmutter-avtizem-decka-jasona\/"},"author":{"name":"Marjan Breznikar","@id":"https:\/\/ziva-voda.com\/blog\/#\/schema\/person\/effca1675fcd12993f190bf9e3b3d297"},"headline":"Dr. Perlmutter: avtizem de\u010dka Jasona","datePublished":"2018-12-29T15:19:25+00:00","mainEntityOfPage":{"@id":"http:\/\/ziva-voda.com\/blog\/dr-perlmutter-avtizem-decka-jasona\/"},"wordCount":231,"commentCount":0,"image":{"@id":"http:\/\/ziva-voda.com\/blog\/dr-perlmutter-avtizem-decka-jasona\/#primaryimage"},"thumbnailUrl":"https:\/\/ziva-voda.com\/blog\/wp-content\/uploads\/zavezovanje-vezalk.jpeg","keywords":["avtizem","Dr. David Perlmutter","vitamin D"],"articleSection":["Probiotiki"],"inLanguage":"sl-SI","potentialAction":[{"@type":"CommentAction","name":"Comment","target":["http:\/\/ziva-voda.com\/blog\/dr-perlmutter-avtizem-decka-jasona\/#respond"]}]},{"@type":"WebPage","@id":"http:\/\/ziva-voda.com\/blog\/dr-perlmutter-avtizem-decka-jasona\/","url":"http:\/\/ziva-voda.com\/blog\/dr-perlmutter-avtizem-decka-jasona\/","name":"Dr. Perlmutter: Avtizem 12-letnega de\u010dka Jasona - Opis primera","isPartOf":{"@id":"https:\/\/ziva-voda.com\/blog\/#website"},"primaryImageOfPage":{"@id":"http:\/\/ziva-voda.com\/blog\/dr-perlmutter-avtizem-decka-jasona\/#primaryimage"},"image":{"@id":"http:\/\/ziva-voda.com\/blog\/dr-perlmutter-avtizem-decka-jasona\/#primaryimage"},"thumbnailUrl":"https:\/\/ziva-voda.com\/blog\/wp-content\/uploads\/zavezovanje-vezalk.jpeg","datePublished":"2018-12-29T15:19:25+00:00","author":{"@id":"https:\/\/ziva-voda.com\/blog\/#\/schema\/person\/effca1675fcd12993f190bf9e3b3d297"},"description":"12-letnega Jasona so mu\u010dila kroni\u010dna vnetja u\u0161esa, grla in prebavnega trakta. Zaradi avtizma ga je mati pripeljala k dr. David Perlmuttru. Ni si mogel ...","breadcrumb":{"@id":"http:\/\/ziva-voda.com\/blog\/dr-perlmutter-avtizem-decka-jasona\/#breadcrumb"},"inLanguage":"sl-SI","potentialAction":[{"@type":"ReadAction","target":["http:\/\/ziva-voda.com\/blog\/dr-perlmutter-avtizem-decka-jasona\/"]}]},{"@type":"ImageObject","inLanguage":"sl-SI","@id":"http:\/\/ziva-voda.com\/blog\/dr-perlmutter-avtizem-decka-jasona\/#primaryimage","url":"https:\/\/ziva-voda.com\/blog\/wp-content\/uploads\/zavezovanje-vezalk.jpeg","contentUrl":"https:\/\/ziva-voda.com\/blog\/wp-content\/uploads\/zavezovanje-vezalk.jpeg","width":899,"height":600,"caption":"Slika je simboli\u010dna"},{"@type":"BreadcrumbList","@id":"http:\/\/ziva-voda.com\/blog\/dr-perlmutter-avtizem-decka-jasona\/#breadcrumb","itemListElement":[{"@type":"ListItem","position":1,"name":"Domov","item":"https:\/\/ziva-voda.com\/blog\/"},{"@type":"ListItem","position":2,"name":"Dr. Perlmutter: avtizem de\u010dka Jasona"}]},{"@type":"WebSite","@id":"https:\/\/ziva-voda.com\/blog\/#website","url":"https:\/\/ziva-voda.com\/blog\/","name":"\u017diva Voda Blog","description":"Male Skrivnosti za Ve\u010d Energije in Bolj\u0161e Po\u010dutje","potentialAction":[{"@type":"SearchAction","target":{"@type":"EntryPoint","urlTemplate":"https:\/\/ziva-voda.com\/blog\/?s={search_term_string}"},"query-input":{"@type":"PropertyValueSpecification","valueRequired":true,"valueName":"search_term_string"}}],"inLanguage":"sl-SI"},{"@type":"Person","@id":"https:\/\/ziva-voda.com\/blog\/#\/schema\/person\/effca1675fcd12993f190bf9e3b3d297","name":"Marjan Breznikar","image":{"@type":"ImageObject","inLanguage":"sl-SI","@id":"https:\/\/secure.gravatar.com\/avatar\/7531968a72627273881c7f7e193acdf474e8d9f5d839c665cd9ec43f0f76c89f?s=96&d=mm&r=g","url":"https:\/\/secure.gravatar.com\/avatar\/7531968a72627273881c7f7e193acdf474e8d9f5d839c665cd9ec43f0f76c89f?s=96&d=mm&r=g","contentUrl":"https:\/\/secure.gravatar.com\/avatar\/7531968a72627273881c7f7e193acdf474e8d9f5d839c665cd9ec43f0f76c89f?s=96&d=mm&r=g","caption":"Marjan Breznikar"}}]}},"_links":{"self":[{"href":"https:\/\/ziva-voda.com\/blog\/wp-json\/wp\/v2\/posts\/2560","targetHints":{"allow":["GET"]}}],"collection":[{"href":"https:\/\/ziva-voda.com\/blog\/wp-json\/wp\/v2\/posts"}],"about":[{"href":"https:\/\/ziva-voda.com\/blog\/wp-json\/wp\/v2\/types\/post"}],"author":[{"embeddable":true,"href":"https:\/\/ziva-voda.com\/blog\/wp-json\/wp\/v2\/users\/88889"}],"replies":[{"embeddable":true,"href":"https:\/\/ziva-voda.com\/blog\/wp-json\/wp\/v2\/comments?post=2560"}],"version-history":[{"count":0,"href":"https:\/\/ziva-voda.com\/blog\/wp-json\/wp\/v2\/posts\/2560\/revisions"}],"wp:featuredmedia":[{"embeddable":true,"href":"https:\/\/ziva-voda.com\/blog\/wp-json\/wp\/v2\/media\/2660"}],"wp:attachment":[{"href":"https:\/\/ziva-voda.com\/blog\/wp-json\/wp\/v2\/media?parent=2560"}],"wp:term":[{"taxonomy":"category","embeddable":true,"href":"https:\/\/ziva-voda.com\/blog\/wp-json\/wp\/v2\/categories?post=2560"},{"taxonomy":"post_tag","embeddable":true,"href":"https:\/\/ziva-voda.com\/blog\/wp-json\/wp\/v2\/tags?post=2560"}],"curies":[{"name":"wp","href":"https:\/\/api.w.org\/{rel}","templated":true}]}}